{"id":938,"date":"2019-11-02T08:30:48","date_gmt":"2019-11-02T07:30:48","guid":{"rendered":"http:\/\/anticopedie.fr\/WordPress\/?p=938"},"modified":"2019-11-04T22:43:12","modified_gmt":"2019-11-04T21:43:12","slug":"quand-la-grece-et-legypte-exigent-le-retour-des-antiquites","status":"publish","type":"post","link":"https:\/\/anticopedie.fr\/WordPress\/?p=938","title":{"rendered":"Quand la Gr\u00e8ce et l&rsquo;Egypte exigent le retour des antiquit\u00e9s&#8230;"},"content":{"rendered":"\n<div class=\"wp-block-image\"><figure class=\"alignright\"><img loading=\"lazy\" decoding=\"async\" width=\"180\" height=\"158\" src=\"http:\/\/anticopedie.fr\/WordPress\/wp-content\/uploads\/2019\/10\/fronton-est.jpg\" alt=\"\" class=\"wp-image-939\"\/><figcaption>Le fronton est du Parth\u00e9non, \u00e0 Londres<\/figcaption><\/figure><\/div>\n\n\n\n<p>On sait que la Gr\u00e8ce r\u00e9clame depuis des d\u00e9cennies la restitution des sculptures du Parth\u00e9non, dont l\u2019essentiel se trouve \u00e0 Londres au British Museum. <\/p>\n\n\n\n<p>En 1981, M\u00e9lina Mercouri, alors ministre de la Culture, pr\u00e9cisait bien que cette demande se justifiait par le fait que le monument, priv\u00e9 de ses sculptures, se trouvait d\u00e9figur\u00e9, mais qu\u2019il n\u2019\u00e9tait pas question de revendiquer des \u00e9l\u00e9ments isol\u00e9s comme des statues.<\/p>\n\n\n\n<p>Cette affaire n\u2019a gu\u00e8re progress\u00e9 depuis, mais la pol\u00e9mique s\u2019\u00e9tend, et aujourd\u2019hui, le ton monte.  <\/p>\n\n\n\n<div class=\"wp-block-image\"><figure class=\"alignleft is-resized\"><img loading=\"lazy\" decoding=\"async\" src=\"http:\/\/anticopedie.fr\/WordPress\/wp-content\/uploads\/2019\/10\/nefertiti2-1.jpg\" alt=\"\" class=\"wp-image-943\" width=\"96\" height=\"386\"\/><\/figure><\/div>\n\n\n\n<p>D&rsquo;ailleurs on ne demande plus, on exige, et au plus haut niveau. Le 15 avril dernier, c\u2019est le pr\u00e9sident grec Prokopis Pavlopoulos lui-m\u00eame qui a exig\u00e9 la restitution des marbres du Parth\u00e9non. En Egypte, c&rsquo;est le tr\u00e8s m\u00e9diatique Zahi Hawass, ancien ministre des Antiquit\u00e9s, qui exigeait en ce d\u00e9but d&rsquo;ann\u00e9e le retour de diff\u00e9rentes oeuvres, dont la pierre de Rosette expos\u00e9e au British museum et le c\u00e9l\u00e8bre buste de N\u00e9fertiti de Berlin.<\/p>\n\n\n\n<p>Le maire de Milos, pour sa part, remue ciel et terre pour obtenir la V\u00e9nus \u00ab\u00a0vol\u00e9e\u00a0\u00bb, et d\u00e9clare que toutes les municipalit\u00e9s grecques soutiennent son action, d\u00e9nomm\u00e9e \u00ab\u00a0Take me home\u00a0\u00bb. P\u00e9tition nationale en vue de porter l\u2019affaire devant le parlement europ\u00e9en, requ\u00eate envoy\u00e9e au pr\u00e9sident Macron, projet d\u2019un b\u00e2timent sp\u00e9cialement am\u00e9nag\u00e9 pour accueillir la statue, promesse de contribution de la marine grecque au transport, tout y est! Et tout pr\u00e9texte est bon pour imposer un d\u00e9lai: pour le British museum, on tente de s\u2019inscrire dans les conditions du Brexit. <\/p>\n\n\n\n<p>La V\u00e9nus est cens\u00e9e revenir en Gr\u00e8ce pour le 200\u00e8me anniversaire de sa d\u00e9couverte. L&rsquo;Egypte se fixe la date de l&rsquo;inauguration du nouveau Mus\u00e9e du Caire, en 2020. <\/p>\n\n\n\n<p>Un ph\u00e9nom\u00e8ne marginal? Oui et non. En juin 2017, le portail d\u2019informations Info-Gr\u00e8ce lance un sondage intitul\u00e9 \u00ab\u00a0Le Louvre doit-il rendre la V\u00e9nus de Milo \u00e0 l\u2019\u00eele grecque d&rsquo;o\u00f9 elle a \u00e9t\u00e9 enlev\u00e9e il y a 200 ans?\u00a0\u00bb. Il recueille 72% de oui, sur un petit nombre de 1600 votants certes, mais tout de m\u00eame.<\/p>\n\n\n\n<div class=\"wp-block-image\"><figure class=\"alignright is-resized\"><img loading=\"lazy\" decoding=\"async\" src=\"http:\/\/anticopedie.fr\/WordPress\/wp-content\/uploads\/2019\/10\/rosette.gif\" alt=\"\" class=\"wp-image-944\" width=\"208\" height=\"248\"\/><figcaption>La pierre de Rosette<\/figcaption><\/figure><\/div>\n\n\n\n<p>La Gr\u00e8ce et l\u2019Egypte s\u2019appuient sur les m\u00eames arguments: en bref, \u00e0 l\u2019\u00e9poque o\u00f9 les grandes collections se sont constitu\u00e9es (principalement au 18e et au 19e si\u00e8cle), les puissances europ\u00e9ennes ont abus\u00e9 de leurs forces colonisatrices pour d\u00e9pouiller de leur patrimoine les pays moins d\u00e9velopp\u00e9s.  <\/p>\n\n\n\n<p>Elles ont aussi largement profit\u00e9 de l\u2019indiff\u00e9rence des dirigeants (l\u2019Egypte et la Gr\u00e8ce sortaient de l\u2019empire Ottoman et leurs autorit\u00e9s avaient d\u2019autres soucis) pour s\u2019octroyer &#8211; parfois m\u00eame en se disputant entre elles &#8211; les plus belles oeuvres d\u2019art.  <\/p>\n\n\n\n<p>On peut discuter sur la mani\u00e8re dont les mus\u00e9es ont constitu\u00e9 leurs collections.  Ce sont souvent les diplomates des puissances europ\u00e9ennes, ambassadeurs et consuls, qui n\u00e9gociaient avec les autorit\u00e9s de l\u2019\u00e9poque pour obtenir les objets. Les\u00a0conditions auxquelles ils ont \u00e9t\u00e9 c\u00e9d\u00e9s (vente ou simple autorisation de les emporter) sont rarement tr\u00e8s claires et, admettons-le, les diplomates ne se sont pas priv\u00e9s d\u2019interpr\u00e9ter \u00e0 leur avantage les textes impr\u00e9cis. <\/p>\n\n\n\n<font face=\"arial\" size=\"5\" color=\"navy\"><b>L\u00e9gal, ill\u00e9gal?<\/b><\/font>\n\n\n\n<p>A notre \u00e9poque o\u00f9 certains nationalismes s\u2019\u00e9chauffent\net o\u00f9 les ventes d\u2019objets d\u2019art atteignent des sommets, nombreux sont ceux qui\npr\u00e9tendent que la majorit\u00e9 des oeuvres ont purement et simplement \u00e9t\u00e9 vol\u00e9es et\ndoivent \u00eatre restitu\u00e9es \u00e0 leur pays d\u2019origine. On pr\u00e9tend m\u00eame que \u00ab\u00a0les\nmus\u00e9es s\u2019enrichissent en faisant payer le droit de visiter des objets\nvol\u00e9s\u00a0\u00bb.<br>\n<br>\nA quoi les pays vis\u00e9s (principalement la\nGrande-Bretagne, la France, l\u2019Allemagne et les Etats-Unis) r\u00e9pondent:<\/p>\n\n\n\n<ul class=\"wp-block-list\"><li>qu\u2019on ne peut pas parler de vol lorsque les lois de l\u2019\u00e9poque ont \u00e9t\u00e9 respect\u00e9es,<\/li><li>que les accords pass\u00e9s avec les autorit\u00e9s de l\u2019\u00e9poque restent parfaitement valides,<\/li><li>que les mus\u00e9es occidentaux ont fait de leur mieux et consenti bien des efforts pour prot\u00e9ger et restaurer des oeuvres qui, faute de soins, se trouvaient en p\u00e9ril,<\/li><li>que, de toute fa\u00e7on, les collections des grands mus\u00e9es sont juridiquement inali\u00e9nables (sauf d\u00e9cision, pour la France, d\u2019une commission nationale pouvant prononcer des      d\u00e9classements),<\/li><li>qu\u2019aucun mus\u00e9e ne s\u2019enrichit par les droits d\u2019entr\u00e9e (la billetterie ne couvre que 36% du budget du Louvre),<\/li><\/ul>\n\n\n\n<p>et enfin que si le droit a effectivement fortement \u00e9volu\u00e9 au cours des 70 derni\u00e8res ann\u00e9es, une loi n\u2019aura jamais d\u2019effet r\u00e9troactif.&nbsp;  Oui, disent certains, mais la Gr\u00e8ce \u00e9tait alors un territoire occup\u00e9. Peut-on pour autant prendre en compte les al\u00e9as de l\u2019Histoire, toujours r\u00e9\u00e9crite par les vainqueurs? Aujourd\u2019hui, on trouvera normal d\u2019affirmer par exemple, que l\u2019Alsace fut occup\u00e9e par l\u2019Allemagne entre 1871 et 1918. Pendant cette p\u00e9riode, les Allemands pouvaient tout aussi bien pr\u00e9tendre que l\u2019Alsace avait auparavant \u00e9t\u00e9 occup\u00e9e par la France. Avec qui devait-on alors traiter?<\/p>\n\n\n\n<font face=\"arial\" size=\"5\" color=\"navy\"><b>La voie diplomatique<\/b><\/font>\n\n\n\n<p>On voit que, sur le plan juridique, les revendications\ndes uns et des autres ont peu de chances d\u2019aboutir, d\u2019autant que les mus\u00e9es se\nd\u00e9fendront bec et ongles. Les Grecs ont d&rsquo;ailleurs renonc\u00e9 en 2015 aux recours\njuridiques pour obtenir le retour des marbres du Parth\u00e9non.&nbsp; <\/p>\n\n\n\n<p>Bien s\u00fbr, on trouve parfois sur le march\u00e9 de l\u2019art, de\nnos jours, des objets vol\u00e9s (au sens du droit actuel), et les mus\u00e9es comme les\nsoci\u00e9t\u00e9s de ventes aux ench\u00e8res en restituent p\u00e9riodiquement. Encore faut-il\npouvoir prouver que les oeuvres ont effectivement appartenu \u00e0 l\u2019entit\u00e9 qui les\nr\u00e9clame, et furent ill\u00e9galement acquises, ce qui est souvent difficile. Bien\ndes oeuvres que les Nazis ont confisqu\u00e9es pendant la seconde guerre mondiale\nn\u2019ont jamais retrouv\u00e9 leur l\u00e9gitime propri\u00e9taire.&nbsp;\n<\/p>\n\n\n\n<p>C\u2019est donc par la voie diplomatique que les pays qui s\u2019estiment l\u00e9s\u00e9s tentent aujourd\u2019hui d\u2019imposer leur volont\u00e9. Cela fonctionne parfois. On se souvient des t\u00eates Maoris tatou\u00e9es, d\u00e9tenues dans diff\u00e9rents mus\u00e9es, qui ont \u00e9t\u00e9 restitu\u00e9es \u00e0 la Nouvelle-Z\u00e9lande en 2012. <\/p>\n\n\n\n<div class=\"wp-block-image\"><figure class=\"alignright\"><img loading=\"lazy\" decoding=\"async\" width=\"240\" height=\"177\" src=\"http:\/\/anticopedie.fr\/WordPress\/wp-content\/uploads\/2019\/10\/benin-1.jpg\" alt=\"\" class=\"wp-image-946\"\/><\/figure><\/div>\n\n\n\n<p>En 2017, le pr\u00e9sident Emmanuel Macron a d\u00e9cid\u00e9 de retourner au B\u00e9nin 26 oeuvres dont l\u2019arm\u00e9e fran\u00e7aise s\u2019\u00e9tait empar\u00e9e en 1892.<\/p>\n\n\n\n<p>Les conservateurs des mus\u00e9es en ont fr\u00e9mi: ce cas pourrait-il constituer un pr\u00e9c\u00e9dent?&nbsp;<br>Une petite br\u00e8che dans laquelle d\u2019autres tentent de s\u2019engouffrer. Le d\u00e9bat est loin d\u2019\u00eatre clos. <\/p>\n\n\n\n<font face=\"arial\" size=\"5\" color=\"navy\"><b>Et finalement, o\u00f9 cela m\u00e8ne-t-il?<\/b><\/font>\n\n\n\n<p>Du point de vue du rayonnement universel des cultures antiques, leurs terres d\u2019origine n\u2019ont-elles pas int\u00e9r\u00eat \u00e0 ce que des t\u00e9moignages en soient dispers\u00e9s dans le monde entier, expos\u00e9s \u00e0 l\u2019admiration du plus grand nombre, qu&rsquo;ils suscitent des vocations, et que tous les peuples reconnaissent leur prestige, s\u2019y int\u00e9ressent et &#8211; pourquoi pas? &#8211; deviennent aussi des touristes avides d\u2019en savoir plus?<br><br>A voir. Mais de toute \u00e9vidence le d\u00e9bat est plus passionnel qu\u2019intellectuel&#8230; <\/p>\n\n\n\n<p>=========================================================<\/p>\n\n\n\n<font face=\"arial\" color=\"green\" size=\"4\"><b>Restitutions et copies<\/b><\/font>\n\n\n\n<p><\/p>\n\n\n\n<div class=\"wp-block-image\"><figure class=\"alignleft\"><img decoding=\"async\" src=\"http:\/\/anticopedie.fr\/WordPress\/wp-content\/uploads\/2019\/10\/incantadas.jpg\" alt=\"\"\/><\/figure><\/div>\n\n\n\n<p> \nEn janvier 2012, un m\u00e9dia grec annonce que le Louvre restituera une s\u00e9rie de statues \u00e0 la ville de Thessalonique, \u00e0 l\u2019occasion des c\u00e9l\u00e9brations du centenaire de la lib\u00e9ration de la ville (de l\u2019occupation ottomane). On annon\u00e7ait aussi qu&rsquo;un m\u00e9c\u00e8ne accorderait 180 000 euros pour la confection de copies, qui r\u00e9sideraient au Louvre. \n<\/p>\n\n\n\n<p>\nErreur!!! Ce sont les copies qui figureront \u00e0 Thessalonique. De quoi exacerber les revendications de certains.Il s\u2019agit des caryatides dites \u00ab\u00a0Las Incantadas\u00a0\u00bb (les Enchant\u00e9es) provenant d\u2019un portique de l\u2019agora romaine de Thessalonique, \u00ab\u00a0vol\u00e9es en 1864 par le fran\u00e7ais Emmanuel Miller\u00a0\u00bb (dixit le tr\u00e8s officiel site de l\u2019Ambassade de Gr\u00e8ce \u00e0 Paris).<\/p>\n\n\n\n<p>R\u00e9sumons en disant que la ville \u00e9tait alors ottomane, et plus exactement tr\u00e8s multiculturelle, le portique d&rsquo;origine romaine \u00e9tant incorpor\u00e9 au quartier juif, d&rsquo;o\u00f9 leur surnom espagnol&#8230; Et Miller avait l&rsquo;autorisation d&#8217;emporter les statues.<\/p>\n\n\n\n<p>On lui avait m\u00eame demand\u00e9 d&#8217;emporter tout le monument, mais la t\u00e2che \u00e9tait trop ardue. Ses pierres ont ensuite \u00e9t\u00e9 r\u00e9employ\u00e9es et, aujourd&rsquo;hui, on ne sait m\u00eame plus pr\u00e9cis\u00e9ment o\u00f9 il se trouvait&#8230;<\/p>\n\n\n\n<font face=\"arial\" color=\"green\" size=\"4\"><b>Les restitutions, \u00e7a existe<\/b><\/font>\n\n\n\n<div class=\"wp-block-image\"><figure class=\"alignleft is-resized\"><img loading=\"lazy\" decoding=\"async\" src=\"http:\/\/anticopedie.fr\/WordPress\/wp-content\/uploads\/2019\/10\/stele.jpg\" alt=\"\" width=\"64\" height=\"125\"\/><\/figure><\/div>\n\n\n\n<p> Entre autres exemples, cette colonne, dat\u00e9e de 340 av. J.-C., provient d&rsquo;un ancien cimeti\u00e8re de l&rsquo;Attique. Elle avait \u00e9t\u00e9 export\u00e9e ill\u00e9galement de Gr\u00e8ce.<br> La maison de vente aux ench\u00e8res britannique  qui la d\u00e9tenait l\u2019a donc remise \u00e0 la police en 2018 afin qu\u2019elle soit rendue \u00e0 la Gr\u00e8ce. <br> Elle a \u00e9t\u00e9 livr\u00e9e au Mus\u00e9e \u00e9pigraphique d\u2019Ath\u00e8nes.<\/p>\n\n\n\n<font face=\"arial\" color=\"green\" size=\"4\">\n<b>Le Kouros de Samos<\/b><\/font>\n\n\n\n<div class=\"wp-block-image\"><figure class=\"alignleft is-resized\"><img loading=\"lazy\" decoding=\"async\" src=\"http:\/\/anticopedie.fr\/WordPress\/wp-content\/uploads\/2019\/10\/kouros.gif\" alt=\"\" width=\"81\" height=\"181\"\/><\/figure><\/div>\n\n\n\n<p>\n\nUne petite statuette en bronze (12 cm) datant du VI\u00e8; si\u00e8cle av. J.-C., a \u00e9t\u00e9 restitu\u00e9e \u00e0 la Gr\u00e8ce par un galeriste britannique bien connu en juin 2005. Elle avait figur\u00e9 au catalogue du mus\u00e9;e de Samos jusqu\u2019en 1943, et fut sans doute d\u00e9rob\u00e9e alors par l\u2019occupant allemand.<\/p>\n\n\n\n<p>Lors de sa restitution, la ministre de la culture grecque n\u2019a pas manqu\u00e9 de d\u00e9clarer qu\u2019elle esp\u00e9rait voir cet exemple suivi par le British Museum&#8230; No comment.<\/p>\n\n\n\n<font face=\"arial\" size=\"3\" color=\"green\"><b>La position de l&rsquo;UNESCO<\/b><\/font>\n\n\n\n<p>Diff\u00e9rents textes d\u00e9finissent les \u00ab\u00a0bonnes r\u00e8gles\u00a0\u00bb concernant le retour ou la restitution (cette derni\u00e8re sous-entendant une acquisition illicite) des objets aux pays demandeurs. Parmi ces textes, la loi UNIDROIT de 1995 concerne \u00ab\u00a0les biens culturels vol\u00e9;s ou illicitement export\u00e9s\u00a0\u00bb. <br>L&rsquo;UNESCO compl\u00e8te cependant les aspects juridiques par des positions morales tout en restant pragmatiques: elle n&rsquo;envisage pas le retour de tous les objets, mais privil\u00e9gie le retour de ceux qui sont \u00ab\u00a0indissociables des racines et de la culture\u00a0\u00bb du pays d&rsquo;origine. Pour les autres, la position est plus nuanc\u00e9e, les mus\u00e9es devant garder leur r\u00f4le d&rsquo;ambassadeurs des cultures mondiales.<br>Ceci permet de glisser du droit pur aux positions de diplomatie culturelle, et l&rsquo;on voit tout l&rsquo;int\u00e9r\u00eat, pour les pays revendicateurs, de d\u00e9clarer \u00ab\u00a0vol\u00e9s\u00a0\u00bb les objets qu&rsquo;ils r\u00e9clament, afin de jouer ensuite sur ces aspects moraux&#8230; <\/p>\n\n\n\n<font face=\"arial\" color=\"green\" size=\"4\">\n<b>La \u00ab\u00a0jeunesse triomphante\u00a0\u00bb <\/b><\/font>\n\n\n\n<div class=\"wp-block-image\"><figure class=\"alignleft\"><img decoding=\"async\" src=\"http:\/\/anticopedie.fr\/WordPress\/wp-content\/uploads\/2019\/10\/getty.jpg\" alt=\"\"\/><\/figure><\/div>\n\n\n\n<p>Comme bien d\u2019autres, le mus\u00e9e Paul Getty, en Californie, a parfois \u00e9t\u00e9 confront\u00e9 \u00e0 la n\u00e9cessit\u00e9 de restituer des objets qui s\u2019\u00e9taient r\u00e9v\u00e9l\u00e9s d\u2019origine frauduleuse, et s\u2019est pli\u00e9 \u00e0 ses obligations.<\/p>\n\n\n\n<p>Il en va autrement avec ce superbe bronze attribu\u00e9 \u00e0 Lysippe, sculpteur grec du IVe si\u00e8cle avant notre \u00e8re, repr\u00e9sentant un \u00e9ph\u00e8be victorieux, en grandeur nature. Il fut d\u00e9couvert en 1964 au large de Fano en mer Adriatique par des p\u00eacheurs qui le vendirent \u00e0 un marchand d&rsquo;art italien. Il fut export\u00e9 (sans autorisation) vers le Br\u00e9sil, puis passa de mains en mains, de pays en pays, avant d\u2019\u00eatre acquis en 1977 par le mus\u00e9e Paul Getty. Le premier acqu\u00e9reur et les p\u00eacheurs furent traduits en justice pour dissimulation et recel de biens vol\u00e9s appartenant au patrimoine, mais ils furent acquitt\u00e9s, le tribunal ne pouvant affirmer que la d\u00e9couverte avait eu lieu dans les eaux territoriales italiennes.<\/p>\n\n\n\n<p>Depuis 2007, l&rsquo;Italie exige le retour de ce bronze. De proc\u00e8s en proc\u00e8s, la cour de cassation italienne d\u00e9cide finalement l\u2019an dernier qu\u2019il fait partie du patrimoine national et a quitt\u00e9 ill\u00e9galement le pays. Refus du mus\u00e9e Paul Getty, qui estime cette d\u00e9cision contraire au droit international: la statue, grecque, a \u00e9t\u00e9 trouv\u00e9e dans les eaux internationales, et n\u2019a donc jamais fait partie du patrimoine italien. A suivre.<\/p>\n","protected":false},"excerpt":{"rendered":"<p>Les revendications des pays qui s\u2019estiment avoir \u00e9t\u00e9 d\u00e9pouill\u00e9s de leur patrimoine se font v\u00e9h\u00e9mentes. Parfois le ton monte et les passions se d\u00e9cha\u00eenent\u2026  <a href=\"https:\/\/anticopedie.fr\/WordPress\/?p=938\">Continuer la lecture <span class=\"meta-nav\">&rarr;<\/span><\/a><\/p>\n","protected":false},"author":1,"featured_media":0,"comment_status":"open","ping_status":"closed","sticky":false,"template":"","format":"standard","meta":{"footnotes":""},"categories":[3],"tags":[154,155,51,548,101,549,545,546,544,547],"class_list":["post-938","post","type-post","status-publish","format-standard","hentry","category-articles","tag-antiquites","tag-egypte","tag-grece","tag-oeuvres","tag-origine","tag-parthenon","tag-reclament","tag-retour","tag-revendications","tag-statues"],"yoast_head":"<!-- This site is optimized with the Yoast SEO plugin v27.3 - https:\/\/yoast.com\/product\/yoast-seo-wordpress\/ -->\n<title>Quand la Gr\u00e8ce et l&#039;Egypte exigent le retour des antiquit\u00e9s...<\/title>\n<meta name=\"description\" content=\"Les revendications des pays qui s\u2019estiment avoir \u00e9t\u00e9 d\u00e9pouill\u00e9s se font v\u00e9h\u00e9mentes. Parfois le ton monte et les passions se d\u00e9cha\u00eenent\u2026\" \/>\n<meta name=\"robots\" content=\"index, follow, max-snippet:-1, max-image-preview:large, max-video-preview:-1\" \/>\n<link rel=\"canonical\" href=\"https:\/\/anticopedie.fr\/WordPress\/?p=938\" \/>\n<meta property=\"og:locale\" content=\"fr_FR\" \/>\n<meta property=\"og:type\" content=\"article\" \/>\n<meta property=\"og:title\" content=\"Quand la Gr\u00e8ce et l&#039;Egypte exigent le retour des antiquit\u00e9s...\" \/>\n<meta property=\"og:description\" content=\"Les revendications des pays qui s\u2019estiment avoir \u00e9t\u00e9 d\u00e9pouill\u00e9s se font v\u00e9h\u00e9mentes. Parfois le ton monte et les passions se d\u00e9cha\u00eenent\u2026\" \/>\n<meta property=\"og:url\" content=\"https:\/\/anticopedie.fr\/WordPress\/?p=938\" \/>\n<meta property=\"og:site_name\" content=\"AnticoP\u00e9die: le blog\" \/>\n<meta property=\"article:published_time\" content=\"2019-11-02T07:30:48+00:00\" \/>\n<meta property=\"article:modified_time\" content=\"2019-11-04T21:43:12+00:00\" \/>\n<meta property=\"og:image\" content=\"http:\/\/anticopedie.fr\/WordPress\/wp-content\/uploads\/2019\/10\/fronton-est.jpg\" \/>\n<meta name=\"author\" content=\"admin\" \/>\n<script type=\"application\/ld+json\" class=\"yoast-schema-graph\">{\"@context\":\"https:\\\/\\\/schema.org\",\"@graph\":[{\"@type\":\"Article\",\"@id\":\"https:\\\/\\\/anticopedie.fr\\\/WordPress\\\/?p=938#article\",\"isPartOf\":{\"@id\":\"https:\\\/\\\/anticopedie.fr\\\/WordPress\\\/?p=938\"},\"author\":{\"name\":\"admin\",\"@id\":\"https:\\\/\\\/anticopedie.fr\\\/WordPress\\\/#\\\/schema\\\/person\\\/bc2cca05ee32f372091e63440f936aa4\"},\"headline\":\"Quand la Gr\u00e8ce et l&rsquo;Egypte exigent le retour des antiquit\u00e9s&#8230;\",\"datePublished\":\"2019-11-02T07:30:48+00:00\",\"dateModified\":\"2019-11-04T21:43:12+00:00\",\"mainEntityOfPage\":{\"@id\":\"https:\\\/\\\/anticopedie.fr\\\/WordPress\\\/?p=938\"},\"wordCount\":2030,\"commentCount\":0,\"publisher\":{\"@id\":\"https:\\\/\\\/anticopedie.fr\\\/WordPress\\\/#organization\"},\"image\":{\"@id\":\"https:\\\/\\\/anticopedie.fr\\\/WordPress\\\/?p=938#primaryimage\"},\"thumbnailUrl\":\"http:\\\/\\\/anticopedie.fr\\\/WordPress\\\/wp-content\\\/uploads\\\/2019\\\/10\\\/fronton-est.jpg\",\"keywords\":[\"antiquit\u00e9s\",\"Egypte\",\"Gr\u00e8ce\",\"oeuvres\",\"origine\",\"Parth\u00e9non\",\"r\u00e9clament\",\"retour\",\"revendications\",\"statues\"],\"articleSection\":[\"Les articles\"],\"inLanguage\":\"fr-FR\",\"potentialAction\":[{\"@type\":\"CommentAction\",\"name\":\"Comment\",\"target\":[\"https:\\\/\\\/anticopedie.fr\\\/WordPress\\\/?p=938#respond\"]}]},{\"@type\":\"WebPage\",\"@id\":\"https:\\\/\\\/anticopedie.fr\\\/WordPress\\\/?p=938\",\"url\":\"https:\\\/\\\/anticopedie.fr\\\/WordPress\\\/?p=938\",\"name\":\"Quand la Gr\u00e8ce et l'Egypte exigent le retour des antiquit\u00e9s...\",\"isPartOf\":{\"@id\":\"https:\\\/\\\/anticopedie.fr\\\/WordPress\\\/#website\"},\"primaryImageOfPage\":{\"@id\":\"https:\\\/\\\/anticopedie.fr\\\/WordPress\\\/?p=938#primaryimage\"},\"image\":{\"@id\":\"https:\\\/\\\/anticopedie.fr\\\/WordPress\\\/?p=938#primaryimage\"},\"thumbnailUrl\":\"http:\\\/\\\/anticopedie.fr\\\/WordPress\\\/wp-content\\\/uploads\\\/2019\\\/10\\\/fronton-est.jpg\",\"datePublished\":\"2019-11-02T07:30:48+00:00\",\"dateModified\":\"2019-11-04T21:43:12+00:00\",\"description\":\"Les revendications des pays qui s\u2019estiment avoir \u00e9t\u00e9 d\u00e9pouill\u00e9s se font v\u00e9h\u00e9mentes. Parfois le ton monte et les passions se d\u00e9cha\u00eenent\u2026\",\"breadcrumb\":{\"@id\":\"https:\\\/\\\/anticopedie.fr\\\/WordPress\\\/?p=938#breadcrumb\"},\"inLanguage\":\"fr-FR\",\"potentialAction\":[{\"@type\":\"ReadAction\",\"target\":[\"https:\\\/\\\/anticopedie.fr\\\/WordPress\\\/?p=938\"]}]},{\"@type\":\"ImageObject\",\"inLanguage\":\"fr-FR\",\"@id\":\"https:\\\/\\\/anticopedie.fr\\\/WordPress\\\/?p=938#primaryimage\",\"url\":\"http:\\\/\\\/anticopedie.fr\\\/WordPress\\\/wp-content\\\/uploads\\\/2019\\\/10\\\/fronton-est.jpg\",\"contentUrl\":\"http:\\\/\\\/anticopedie.fr\\\/WordPress\\\/wp-content\\\/uploads\\\/2019\\\/10\\\/fronton-est.jpg\"},{\"@type\":\"BreadcrumbList\",\"@id\":\"https:\\\/\\\/anticopedie.fr\\\/WordPress\\\/?p=938#breadcrumb\",\"itemListElement\":[{\"@type\":\"ListItem\",\"position\":1,\"name\":\"Accueil\",\"item\":\"https:\\\/\\\/anticopedie.fr\\\/WordPress\\\/\"},{\"@type\":\"ListItem\",\"position\":2,\"name\":\"Quand la Gr\u00e8ce et l&rsquo;Egypte exigent le retour des antiquit\u00e9s&#8230;\"}]},{\"@type\":\"WebSite\",\"@id\":\"https:\\\/\\\/anticopedie.fr\\\/WordPress\\\/#website\",\"url\":\"https:\\\/\\\/anticopedie.fr\\\/WordPress\\\/\",\"name\":\"AnticoP\u00e9die: le blog\",\"description\":\"Trouvez ici les nouveaut\u00e9s de l&#039;AnticoP\u00e9die\",\"publisher\":{\"@id\":\"https:\\\/\\\/anticopedie.fr\\\/WordPress\\\/#organization\"},\"potentialAction\":[{\"@type\":\"SearchAction\",\"target\":{\"@type\":\"EntryPoint\",\"urlTemplate\":\"https:\\\/\\\/anticopedie.fr\\\/WordPress\\\/?s={search_term_string}\"},\"query-input\":{\"@type\":\"PropertyValueSpecification\",\"valueRequired\":true,\"valueName\":\"search_term_string\"}}],\"inLanguage\":\"fr-FR\"},{\"@type\":\"Organization\",\"@id\":\"https:\\\/\\\/anticopedie.fr\\\/WordPress\\\/#organization\",\"name\":\"AnticoPedie\",\"url\":\"https:\\\/\\\/anticopedie.fr\\\/WordPress\\\/\",\"logo\":{\"@type\":\"ImageObject\",\"inLanguage\":\"fr-FR\",\"@id\":\"https:\\\/\\\/anticopedie.fr\\\/WordPress\\\/#\\\/schema\\\/logo\\\/image\\\/\",\"url\":\"https:\\\/\\\/anticopedie.fr\\\/WordPress\\\/wp-content\\\/uploads\\\/2022\\\/04\\\/logo.jpg\",\"contentUrl\":\"https:\\\/\\\/anticopedie.fr\\\/WordPress\\\/wp-content\\\/uploads\\\/2022\\\/04\\\/logo.jpg\",\"width\":989,\"height\":211,\"caption\":\"AnticoPedie\"},\"image\":{\"@id\":\"https:\\\/\\\/anticopedie.fr\\\/WordPress\\\/#\\\/schema\\\/logo\\\/image\\\/\"}},{\"@type\":\"Person\",\"@id\":\"https:\\\/\\\/anticopedie.fr\\\/WordPress\\\/#\\\/schema\\\/person\\\/bc2cca05ee32f372091e63440f936aa4\",\"name\":\"admin\",\"image\":{\"@type\":\"ImageObject\",\"inLanguage\":\"fr-FR\",\"@id\":\"https:\\\/\\\/secure.gravatar.com\\\/avatar\\\/2e1f66cb4bd22f87678f90cbea602fdd1a55b92a86b2b2d8b5a2c6b132d516f4?s=96&d=mm&r=g\",\"url\":\"https:\\\/\\\/secure.gravatar.com\\\/avatar\\\/2e1f66cb4bd22f87678f90cbea602fdd1a55b92a86b2b2d8b5a2c6b132d516f4?s=96&d=mm&r=g\",\"contentUrl\":\"https:\\\/\\\/secure.gravatar.com\\\/avatar\\\/2e1f66cb4bd22f87678f90cbea602fdd1a55b92a86b2b2d8b5a2c6b132d516f4?s=96&d=mm&r=g\",\"caption\":\"admin\"},\"url\":\"https:\\\/\\\/anticopedie.fr\\\/WordPress\\\/?author=1\"}]}<\/script>\n<!-- \/ Yoast SEO plugin. -->","yoast_head_json":{"title":"Quand la Gr\u00e8ce et l'Egypte exigent le retour des antiquit\u00e9s...","description":"Les revendications des pays qui s\u2019estiment avoir \u00e9t\u00e9 d\u00e9pouill\u00e9s se font v\u00e9h\u00e9mentes. Parfois le ton monte et les passions se d\u00e9cha\u00eenent\u2026","robots":{"index":"index","follow":"follow","max-snippet":"max-snippet:-1","max-image-preview":"max-image-preview:large","max-video-preview":"max-video-preview:-1"},"canonical":"https:\/\/anticopedie.fr\/WordPress\/?p=938","og_locale":"fr_FR","og_type":"article","og_title":"Quand la Gr\u00e8ce et l'Egypte exigent le retour des antiquit\u00e9s...","og_description":"Les revendications des pays qui s\u2019estiment avoir \u00e9t\u00e9 d\u00e9pouill\u00e9s se font v\u00e9h\u00e9mentes. Parfois le ton monte et les passions se d\u00e9cha\u00eenent\u2026","og_url":"https:\/\/anticopedie.fr\/WordPress\/?p=938","og_site_name":"AnticoP\u00e9die: le blog","article_published_time":"2019-11-02T07:30:48+00:00","article_modified_time":"2019-11-04T21:43:12+00:00","og_image":[{"url":"http:\/\/anticopedie.fr\/WordPress\/wp-content\/uploads\/2019\/10\/fronton-est.jpg","type":"","width":"","height":""}],"author":"admin","schema":{"@context":"https:\/\/schema.org","@graph":[{"@type":"Article","@id":"https:\/\/anticopedie.fr\/WordPress\/?p=938#article","isPartOf":{"@id":"https:\/\/anticopedie.fr\/WordPress\/?p=938"},"author":{"name":"admin","@id":"https:\/\/anticopedie.fr\/WordPress\/#\/schema\/person\/bc2cca05ee32f372091e63440f936aa4"},"headline":"Quand la Gr\u00e8ce et l&rsquo;Egypte exigent le retour des antiquit\u00e9s&#8230;","datePublished":"2019-11-02T07:30:48+00:00","dateModified":"2019-11-04T21:43:12+00:00","mainEntityOfPage":{"@id":"https:\/\/anticopedie.fr\/WordPress\/?p=938"},"wordCount":2030,"commentCount":0,"publisher":{"@id":"https:\/\/anticopedie.fr\/WordPress\/#organization"},"image":{"@id":"https:\/\/anticopedie.fr\/WordPress\/?p=938#primaryimage"},"thumbnailUrl":"http:\/\/anticopedie.fr\/WordPress\/wp-content\/uploads\/2019\/10\/fronton-est.jpg","keywords":["antiquit\u00e9s","Egypte","Gr\u00e8ce","oeuvres","origine","Parth\u00e9non","r\u00e9clament","retour","revendications","statues"],"articleSection":["Les articles"],"inLanguage":"fr-FR","potentialAction":[{"@type":"CommentAction","name":"Comment","target":["https:\/\/anticopedie.fr\/WordPress\/?p=938#respond"]}]},{"@type":"WebPage","@id":"https:\/\/anticopedie.fr\/WordPress\/?p=938","url":"https:\/\/anticopedie.fr\/WordPress\/?p=938","name":"Quand la Gr\u00e8ce et l'Egypte exigent le retour des antiquit\u00e9s...","isPartOf":{"@id":"https:\/\/anticopedie.fr\/WordPress\/#website"},"primaryImageOfPage":{"@id":"https:\/\/anticopedie.fr\/WordPress\/?p=938#primaryimage"},"image":{"@id":"https:\/\/anticopedie.fr\/WordPress\/?p=938#primaryimage"},"thumbnailUrl":"http:\/\/anticopedie.fr\/WordPress\/wp-content\/uploads\/2019\/10\/fronton-est.jpg","datePublished":"2019-11-02T07:30:48+00:00","dateModified":"2019-11-04T21:43:12+00:00","description":"Les revendications des pays qui s\u2019estiment avoir \u00e9t\u00e9 d\u00e9pouill\u00e9s se font v\u00e9h\u00e9mentes. Parfois le ton monte et les passions se d\u00e9cha\u00eenent\u2026","breadcrumb":{"@id":"https:\/\/anticopedie.fr\/WordPress\/?p=938#breadcrumb"},"inLanguage":"fr-FR","potentialAction":[{"@type":"ReadAction","target":["https:\/\/anticopedie.fr\/WordPress\/?p=938"]}]},{"@type":"ImageObject","inLanguage":"fr-FR","@id":"https:\/\/anticopedie.fr\/WordPress\/?p=938#primaryimage","url":"http:\/\/anticopedie.fr\/WordPress\/wp-content\/uploads\/2019\/10\/fronton-est.jpg","contentUrl":"http:\/\/anticopedie.fr\/WordPress\/wp-content\/uploads\/2019\/10\/fronton-est.jpg"},{"@type":"BreadcrumbList","@id":"https:\/\/anticopedie.fr\/WordPress\/?p=938#breadcrumb","itemListElement":[{"@type":"ListItem","position":1,"name":"Accueil","item":"https:\/\/anticopedie.fr\/WordPress\/"},{"@type":"ListItem","position":2,"name":"Quand la Gr\u00e8ce et l&rsquo;Egypte exigent le retour des antiquit\u00e9s&#8230;"}]},{"@type":"WebSite","@id":"https:\/\/anticopedie.fr\/WordPress\/#website","url":"https:\/\/anticopedie.fr\/WordPress\/","name":"AnticoP\u00e9die: le blog","description":"Trouvez ici les nouveaut\u00e9s de l&#039;AnticoP\u00e9die","publisher":{"@id":"https:\/\/anticopedie.fr\/WordPress\/#organization"},"potentialAction":[{"@type":"SearchAction","target":{"@type":"EntryPoint","urlTemplate":"https:\/\/anticopedie.fr\/WordPress\/?s={search_term_string}"},"query-input":{"@type":"PropertyValueSpecification","valueRequired":true,"valueName":"search_term_string"}}],"inLanguage":"fr-FR"},{"@type":"Organization","@id":"https:\/\/anticopedie.fr\/WordPress\/#organization","name":"AnticoPedie","url":"https:\/\/anticopedie.fr\/WordPress\/","logo":{"@type":"ImageObject","inLanguage":"fr-FR","@id":"https:\/\/anticopedie.fr\/WordPress\/#\/schema\/logo\/image\/","url":"https:\/\/anticopedie.fr\/WordPress\/wp-content\/uploads\/2022\/04\/logo.jpg","contentUrl":"https:\/\/anticopedie.fr\/WordPress\/wp-content\/uploads\/2022\/04\/logo.jpg","width":989,"height":211,"caption":"AnticoPedie"},"image":{"@id":"https:\/\/anticopedie.fr\/WordPress\/#\/schema\/logo\/image\/"}},{"@type":"Person","@id":"https:\/\/anticopedie.fr\/WordPress\/#\/schema\/person\/bc2cca05ee32f372091e63440f936aa4","name":"admin","image":{"@type":"ImageObject","inLanguage":"fr-FR","@id":"https:\/\/secure.gravatar.com\/avatar\/2e1f66cb4bd22f87678f90cbea602fdd1a55b92a86b2b2d8b5a2c6b132d516f4?s=96&d=mm&r=g","url":"https:\/\/secure.gravatar.com\/avatar\/2e1f66cb4bd22f87678f90cbea602fdd1a55b92a86b2b2d8b5a2c6b132d516f4?s=96&d=mm&r=g","contentUrl":"https:\/\/secure.gravatar.com\/avatar\/2e1f66cb4bd22f87678f90cbea602fdd1a55b92a86b2b2d8b5a2c6b132d516f4?s=96&d=mm&r=g","caption":"admin"},"url":"https:\/\/anticopedie.fr\/WordPress\/?author=1"}]}},"_links":{"self":[{"href":"https:\/\/anticopedie.fr\/WordPress\/index.php?rest_route=\/wp\/v2\/posts\/938","targetHints":{"allow":["GET"]}}],"collection":[{"href":"https:\/\/anticopedie.fr\/WordPress\/index.php?rest_route=\/wp\/v2\/posts"}],"about":[{"href":"https:\/\/anticopedie.fr\/WordPress\/index.php?rest_route=\/wp\/v2\/types\/post"}],"author":[{"embeddable":true,"href":"https:\/\/anticopedie.fr\/WordPress\/index.php?rest_route=\/wp\/v2\/users\/1"}],"replies":[{"embeddable":true,"href":"https:\/\/anticopedie.fr\/WordPress\/index.php?rest_route=%2Fwp%2Fv2%2Fcomments&post=938"}],"version-history":[{"count":19,"href":"https:\/\/anticopedie.fr\/WordPress\/index.php?rest_route=\/wp\/v2\/posts\/938\/revisions"}],"predecessor-version":[{"id":969,"href":"https:\/\/anticopedie.fr\/WordPress\/index.php?rest_route=\/wp\/v2\/posts\/938\/revisions\/969"}],"wp:attachment":[{"href":"https:\/\/anticopedie.fr\/WordPress\/index.php?rest_route=%2Fwp%2Fv2%2Fmedia&parent=938"}],"wp:term":[{"taxonomy":"category","embeddable":true,"href":"https:\/\/anticopedie.fr\/WordPress\/index.php?rest_route=%2Fwp%2Fv2%2Fcategories&post=938"},{"taxonomy":"post_tag","embeddable":true,"href":"https:\/\/anticopedie.fr\/WordPress\/index.php?rest_route=%2Fwp%2Fv2%2Ftags&post=938"}],"curies":[{"name":"wp","href":"https:\/\/api.w.org\/{rel}","templated":true}]}}